{"id":2766,"date":"2025-10-21T16:16:50","date_gmt":"2025-10-21T14:16:50","guid":{"rendered":"https:\/\/shoeeyeq.com\/?p=2766"},"modified":"2025-10-21T16:26:54","modified_gmt":"2025-10-21T14:26:54","slug":"friedenspreistraeger-karl-schloegel-nach-lwiw","status":"publish","type":"post","link":"https:\/\/shoeeyeq.com\/fr\/friedenspreistraeger-karl-schloegel-nach-lwiw\/","title":{"rendered":"L'historien Karl Schl\u00f6gel re\u00e7oit le Prix de la paix des libraires allemands"},"content":{"rendered":"<p>L'historien Karl Schl\u00f6gel est consid\u00e9r\u00e9 comme l'un des plus \u00e9minents connaisseurs de l'Europe de l'Est. Le 19 octobre, il recevra le Prix de la paix des libraires allemands en cl\u00f4ture de la Foire du livre de Francfort.<\/p>\n<p><iframe src=\"https:\/\/ngp.3sat.de\/miniplayer\/embed\/3sat\/?mediaID=%2Fzdf%2Fkultur%2Fkulturzeit%2Fmit-friedenspreistraeger-karl-schloegel-in-der-ukraine-sendung-vom-17-10-2025-100\" width=\"1100\" height=\"560\" frameborder=\"0\" allowfullscreen=\"allowfullscreen\"><span data-mce-type=\"bookmark\" style=\"display: inline-block; width: 0px; overflow: hidden; line-height: 0;\" class=\"mce_SELRES_start\"><\/span><\/iframe><\/p>","protected":false},"excerpt":{"rendered":"<p>L'historien Karl Schl\u00f6gel est consid\u00e9r\u00e9 comme l'un des plus \u00e9minents connaisseurs de l'Europe de l'Est. Le 19 octobre, il recevra le Prix de la paix des libraires allemands en cl\u00f4ture de la Foire du livre de Francfort.<\/p>","protected":false},"author":1,"featured_media":2770,"comment_status":"closed","ping_status":"closed","sticky":false,"template":"","format":"standard","meta":{"footnotes":""},"categories":[1],"tags":[],"class_list":["post-2766","post","type-post","status-publish","format-standard","has-post-thumbnail","hentry","category-uncategorized"],"_links":{"self":[{"href":"https:\/\/shoeeyeq.com\/fr\/wp-json\/wp\/v2\/posts\/2766","targetHints":{"allow":["GET"]}}],"collection":[{"href":"https:\/\/shoeeyeq.com\/fr\/wp-json\/wp\/v2\/posts"}],"about":[{"href":"https:\/\/shoeeyeq.com\/fr\/wp-json\/wp\/v2\/types\/post"}],"author":[{"embeddable":true,"href":"https:\/\/shoeeyeq.com\/fr\/wp-json\/wp\/v2\/users\/1"}],"replies":[{"embeddable":true,"href":"https:\/\/shoeeyeq.com\/fr\/wp-json\/wp\/v2\/comments?post=2766"}],"version-history":[{"count":9,"href":"https:\/\/shoeeyeq.com\/fr\/wp-json\/wp\/v2\/posts\/2766\/revisions"}],"predecessor-version":[{"id":2779,"href":"https:\/\/shoeeyeq.com\/fr\/wp-json\/wp\/v2\/posts\/2766\/revisions\/2779"}],"wp:featuredmedia":[{"embeddable":true,"href":"https:\/\/shoeeyeq.com\/fr\/wp-json\/wp\/v2\/media\/2770"}],"wp:attachment":[{"href":"https:\/\/shoeeyeq.com\/fr\/wp-json\/wp\/v2\/media?parent=2766"}],"wp:term":[{"taxonomy":"category","embeddable":true,"href":"https:\/\/shoeeyeq.com\/fr\/wp-json\/wp\/v2\/categories?post=2766"},{"taxonomy":"post_tag","embeddable":true,"href":"https:\/\/shoeeyeq.com\/fr\/wp-json\/wp\/v2\/tags?post=2766"}],"curies":[{"name":"wp","href":"https:\/\/api.w.org\/{rel}","templated":true}]}}